{"id":491,"date":"2022-06-14T06:31:54","date_gmt":"2022-06-14T06:31:54","guid":{"rendered":"https:\/\/bioetika.ffrz.hr\/?p=491"},"modified":"2022-06-14T06:31:56","modified_gmt":"2022-06-14T06:31:56","slug":"predstavljanje-zbornika-zivot-biraj-elige-vitam","status":"publish","type":"post","link":"https:\/\/bioetika.ffrz.hr\/?p=491","title":{"rendered":"Predstavljanje zbornika \u201e\u017divot biraj \u2013 Elige vitam\u201c"},"content":{"rendered":"\n<p><a href=\"https:\/\/www.ffrz.unizg.hr\/wp-content\/uploads\/2021\/06\/zivotbiraj.pdf\">Predstavljanje zbornika<\/a> \u201e<strong>\u017divot biraj \u2013 Elige vitam<\/strong>\u201c prire\u0111enoga u \u010dast 75. ro\u0111endana umirovljenoga pomo\u0107noga biskupa Zagreba\u010dke nadbiskupije msgr. prof. dr. sc. Valentina Pozai\u0107a<strong> u srijedu 23. lipnja 2021. u 19:00 sati<\/strong>.<\/p>\n","protected":false},"excerpt":{"rendered":"<p>Predstavljanje zbornika \u201e\u017divot biraj \u2013 Elige vitam\u201c prire\u0111enoga u \u010dast 75. ro\u0111endana umirovljenoga pomo\u0107noga biskupa Zagreba\u010dke nadbiskupije msgr. prof. dr. sc. Valentina Pozai\u0107a u srijedu 23. lipnja 2021. u 19:00 sati.<\/p>\n","protected":false},"author":1,"featured_media":492,"comment_status":"open","ping_status":"open","sticky":false,"template":"","format":"standard","meta":{"_et_pb_use_builder":"off","_et_pb_old_content":"","_et_gb_content_width":"","footnotes":""},"categories":[4],"tags":[],"class_list":["post-491","post","type-post","status-publish","format-standard","has-post-thumbnail","hentry","category-novosti-i-obavijesti"],"_links":{"self":[{"href":"https:\/\/bioetika.ffrz.hr\/index.php?rest_route=\/wp\/v2\/posts\/491","targetHints":{"allow":["GET"]}}],"collection":[{"href":"https:\/\/bioetika.ffrz.hr\/index.php?rest_route=\/wp\/v2\/posts"}],"about":[{"href":"https:\/\/bioetika.ffrz.hr\/index.php?rest_route=\/wp\/v2\/types\/post"}],"author":[{"embeddable":true,"href":"https:\/\/bioetika.ffrz.hr\/index.php?rest_route=\/wp\/v2\/users\/1"}],"replies":[{"embeddable":true,"href":"https:\/\/bioetika.ffrz.hr\/index.php?rest_route=%2Fwp%2Fv2%2Fcomments&post=491"}],"version-history":[{"count":1,"href":"https:\/\/bioetika.ffrz.hr\/index.php?rest_route=\/wp\/v2\/posts\/491\/revisions"}],"predecessor-version":[{"id":493,"href":"https:\/\/bioetika.ffrz.hr\/index.php?rest_route=\/wp\/v2\/posts\/491\/revisions\/493"}],"wp:featuredmedia":[{"embeddable":true,"href":"https:\/\/bioetika.ffrz.hr\/index.php?rest_route=\/wp\/v2\/media\/492"}],"wp:attachment":[{"href":"https:\/\/bioetika.ffrz.hr\/index.php?rest_route=%2Fwp%2Fv2%2Fmedia&parent=491"}],"wp:term":[{"taxonomy":"category","embeddable":true,"href":"https:\/\/bioetika.ffrz.hr\/index.php?rest_route=%2Fwp%2Fv2%2Fcategories&post=491"},{"taxonomy":"post_tag","embeddable":true,"href":"https:\/\/bioetika.ffrz.hr\/index.php?rest_route=%2Fwp%2Fv2%2Ftags&post=491"}],"curies":[{"name":"wp","href":"https:\/\/api.w.org\/{rel}","templated":true}]}}