{"id":506,"date":"2022-06-14T06:40:57","date_gmt":"2022-06-14T06:40:57","guid":{"rendered":"https:\/\/bioetika.ffrz.hr\/?p=506"},"modified":"2022-06-14T06:40:59","modified_gmt":"2022-06-14T06:40:59","slug":"nova-knjiga-doc-dr-sc-luke-janesa","status":"publish","type":"post","link":"https:\/\/bioetika.ffrz.hr\/?p=506","title":{"rendered":"Nova knjiga doc.dr.sc. Luke Jane\u0161a"},"content":{"rendered":"\n<p><strong>Luka Jane\u0161 ur.) INTEGRATIVNA BIOETIKA I APORIJE PSIHE, Zagreb 2021.<\/strong><\/p>\n\n\n\n<p>Iako je filozofsko-bioeti\u010dka rasprava u Hrvatskoj do\u017eivjela ubrzani razvoj u po\u00adsljednjih petnaestak godina te se osebujnim profiliranjem stvorio potentni koncept inte\u00adgrativne bioetike, u njenom se podru\u010dju istra\u017eiva\u010dke i implementacijske prakse rijetko ispitivao fenomen psihe. Psiha, u ne potpuno istozna\u010dnim varijantama jo\u0161 razumijevana kao du\u0161a ili kao um, naj\u010de\u0161\u0107e shva\u0107ena kao cjelina svjesnih i nesvjesnih sadr\u017eaja ili ukupnost osobina (in)tangibilnog sebstva, ima zna\u010dajno mjesto u povijesnom razvoju \u010dovje\u010danstva i jedno je od najistra\u017eivanijih, ali ujedno i najslabije razumijevanih feno\u00admena \u017eivota. Zbornik je postavljen na osi pluriperspektivne vertikale orijentacijskoga znanja i trasdisciplinarne horizontale integrativnoga djelovanja.<\/p>\n","protected":false},"excerpt":{"rendered":"<p>Luka Jane\u0161 ur.) INTEGRATIVNA BIOETIKA I APORIJE PSIHE, Zagreb 2021. Iako je filozofsko-bioeti\u010dka rasprava u Hrvatskoj do\u017eivjela ubrzani razvoj u po\u00adsljednjih petnaestak godina te se osebujnim profiliranjem stvorio potentni koncept inte\u00adgrativne bioetike, u njenom se podru\u010dju istra\u017eiva\u010dke i implementacijske prakse rijetko ispitivao fenomen psihe. Psiha, u ne potpuno istozna\u010dnim varijantama jo\u0161 razumijevana kao du\u0161a ili [&hellip;]<\/p>\n","protected":false},"author":1,"featured_media":507,"comment_status":"open","ping_status":"open","sticky":false,"template":"","format":"standard","meta":{"_et_pb_use_builder":"off","_et_pb_old_content":"","_et_gb_content_width":"","footnotes":""},"categories":[4],"tags":[],"class_list":["post-506","post","type-post","status-publish","format-standard","has-post-thumbnail","hentry","category-novosti-i-obavijesti"],"_links":{"self":[{"href":"https:\/\/bioetika.ffrz.hr\/index.php?rest_route=\/wp\/v2\/posts\/506","targetHints":{"allow":["GET"]}}],"collection":[{"href":"https:\/\/bioetika.ffrz.hr\/index.php?rest_route=\/wp\/v2\/posts"}],"about":[{"href":"https:\/\/bioetika.ffrz.hr\/index.php?rest_route=\/wp\/v2\/types\/post"}],"author":[{"embeddable":true,"href":"https:\/\/bioetika.ffrz.hr\/index.php?rest_route=\/wp\/v2\/users\/1"}],"replies":[{"embeddable":true,"href":"https:\/\/bioetika.ffrz.hr\/index.php?rest_route=%2Fwp%2Fv2%2Fcomments&post=506"}],"version-history":[{"count":1,"href":"https:\/\/bioetika.ffrz.hr\/index.php?rest_route=\/wp\/v2\/posts\/506\/revisions"}],"predecessor-version":[{"id":508,"href":"https:\/\/bioetika.ffrz.hr\/index.php?rest_route=\/wp\/v2\/posts\/506\/revisions\/508"}],"wp:featuredmedia":[{"embeddable":true,"href":"https:\/\/bioetika.ffrz.hr\/index.php?rest_route=\/wp\/v2\/media\/507"}],"wp:attachment":[{"href":"https:\/\/bioetika.ffrz.hr\/index.php?rest_route=%2Fwp%2Fv2%2Fmedia&parent=506"}],"wp:term":[{"taxonomy":"category","embeddable":true,"href":"https:\/\/bioetika.ffrz.hr\/index.php?rest_route=%2Fwp%2Fv2%2Fcategories&post=506"},{"taxonomy":"post_tag","embeddable":true,"href":"https:\/\/bioetika.ffrz.hr\/index.php?rest_route=%2Fwp%2Fv2%2Ftags&post=506"}],"curies":[{"name":"wp","href":"https:\/\/api.w.org\/{rel}","templated":true}]}}