{"id":580,"date":"2024-04-29T05:50:38","date_gmt":"2024-04-29T05:50:38","guid":{"rendered":"https:\/\/bioetika.ffrz.hr\/?p=580"},"modified":"2024-04-29T05:57:29","modified_gmt":"2024-04-29T05:57:29","slug":"odrzana-svecana-dodjela-nagrada-inicijativa-razmisljaj-ocuvaj-recikliraj-centra-za-bioetiku","status":"publish","type":"post","link":"https:\/\/bioetika.ffrz.hr\/?p=580","title":{"rendered":"Odr\u017eana sve\u010dana dodjela nagrada \u2013 Inicijativa \u201cRazmi\u0161ljaj \u2013 o\u010duvaj \u2013 recikliraj\u201d, Centra za Bioetiku"},"content":{"rendered":"\n<p>22. travnja 2024. odr\u017eana je sve\u010dana dodjela nagrada u sklopu inicijative \u201eRazmi\u0161ljaj \u2013 o\u010duvaj \u2013 recikliraj\u201c Centra za bioetiku FFRZ-a. Doga\u0111aj je odr\u017ean u dvorani Antun Bauer Fakulteta filozofije i religijskih znanosti Sveu\u010dili\u0161ta u Zagrebu, simboli\u010dno \u2013 na Dan planeta Zemlje. U sklopu inicijative dodijeljene su po tri nagrade u dva natje\u010daja. U okviru prvog natje\u010daja, naziva \u201eOdgovornost\u2013briga\u2013okoli\u0161\u201c za najbolji studentski pisani rad, nagra\u0111eni su sljede\u0107i student:<\/p>\n\n\n\n<p>1. mjesto: Tilija Simon \u2013 \u201cVa\u017enost filozofije u ekolo\u0161koj krizi \u2013 odnos \u010dovjeka i prirode\u201d \u2013&nbsp; nov\u010dana nagrada u iznosu od 300 eura te pokriveni tro\u0161kovi kotizacije i smje\u0161taja u sklopu 19. Studentske bioeti\u010dke radionice koja \u0107e se odr\u017eati od 12. do 15. svibnja 2024. godine na Malom Lo\u0161inju u okviru znanstveno-kulturne manifestacije 22. Lo\u0161injski dani bioetike<\/p>\n\n\n\n<p>2. mjesto: Patricia Dutkovi\u0107 \u2013 \u201cOdgovornost \u2013 briga \u2013 okoli\u0161 putem ekologije uma: integracija filozofije, holizma i duhovnosti za bolju budu\u0107nost\u201d&nbsp; \u2013 nov\u010dana nagrada u iznosu od 200 eura te pokriveni tro\u0161kovi kotizacije i smje\u0161taja u sklopu 19. Studentske bioeti\u010dke radionice koja \u0107e se odr\u017eati od 12. do 15. svibnja 2024. godine na Malom Lo\u0161inju u okviru znanstveno-kulturne manifestacije 22. Lo\u0161injski dani bioetike<\/p>\n\n\n\n<p>3. mjesto: Mihael Vrbanc&nbsp; \u2013 \u201cBriga za grad prikazana kao izgradnja i o\u010duvanje urbanog okoli\u0161a kroz vid arhitekture i na\u010din \u017eivota\u201d \u2013&nbsp; nov\u010dana nagrada u iznosu od 200 eura te pokriveni tro\u0161kovi kotizacije i smje\u0161taja u sklopu 19. Studentske bioeti\u010dke radionice<\/p>\n\n\n\n<p>U okviru, pak, natje\u010daja \u201eOd otpada do vrijednosti\u201c za najbolju umjetni\u010dku skulpturu\/instalaciju na temu&nbsp; nastalu od materijala koje je mogu\u0107e reciklirati nagra\u0111ene su:<\/p>\n\n\n\n<p>1. mjesto Lucija Marin \u2013 \u201cZagreb I love you\u201d \u2013 nov\u010dana nagrada u iznosu od 500 eura<\/p>\n\n\n\n<p>2. mjesto: Manuela Pauk \u2013 \u201cSpomenik uz put\u201d \u2013 nov\u010dana nagrada u iznosu od 300 eura<\/p>\n\n\n\n<p>3. mjesto: Jelena Bogdani\u0107 \u2013 \u201cPlasti\u010dna tkanina\u201d \u2013 nov\u010dana nagrada u iznosu od 150 eura<\/p>\n\n\n\n<p>Komisiju za odabir najboljeg umjetni\u010dkog rada sa\u010dinjavali su Kre\u0161imir Katu\u0161i\u0107 (akademski kipar), Tara Beata Racz (akademska slikarica i psihologinja), Ivan Perkov (sociolog), Petar Grimani (akademski slikar), Ivica Kelam (filozof), Hrvoje Juri\u0107 (filozof).<\/p>\n\n\n\n<p>Ponosni sponzor ove inicijative je C.I.O.S. grupa, a naglasak je postavljen na promicanje odgovornosti spram okoli\u0161a i ekolo\u0161ke savjesti, postavljanjem osobe kao djela okoli\u0161a, a ne kao izvanjske mu. Bioeti\u010dki segment pluriperspektivizma o\u010ditovao se je zdru\u017eivanjem znanstvenih i umjetni\u010dkih motri\u0161ta, sa svrhom poticanja stava i smjerokaza da je budu\u0107nost okoli\u0161ne krize jo\u0161 uvijek u na\u0161im rukama. Te da se plasti\u010dni i metalni materijali, izme\u0111u ostalog, mogu reciklirati i u svrhu izrade umjetni\u010dkih djela sna\u017ene orijentacijske poruke.<\/p>\n\n\n\n<p>Nagra\u0111eni umjetni\u010dki radovi nakon dodjele nagrada donirat \u0107e se partnerskim vrti\u0107ima i \u0161kolama Zagreba, sa svrhom dru\u0161tveno-inkluzivnog promicanja ideje recikliranja otpada i provo\u0111enja bioeti\u010dke odgojne prakse od najranijih dana, unutar odgovornog sustava cirkularnog tretiranja otpada u sada\u0161njosti i budu\u0107nosti.<\/p>\n\n\n\n<div style=\"height:100px\" aria-hidden=\"true\" class=\"wp-block-spacer\"><\/div>\n\n\n\n<figure class=\"wp-block-image aligncenter size-large is-resized\"><img loading=\"lazy\" decoding=\"async\" width=\"683\" height=\"1024\" src=\"https:\/\/bioetika.ffrz.hr\/wp-content\/uploads\/2024\/04\/0W4A1163-683x1024.jpg\" alt=\"\" class=\"wp-image-591\" style=\"width:688px;height:auto\"\/><\/figure>\n\n\n\n<div style=\"height:100px\" aria-hidden=\"true\" class=\"wp-block-spacer\"><\/div>\n\n\n\n<figure class=\"wp-block-image aligncenter size-large\"><img loading=\"lazy\" decoding=\"async\" width=\"683\" height=\"1024\" src=\"https:\/\/bioetika.ffrz.hr\/wp-content\/uploads\/2024\/04\/0W4A1179-683x1024.jpg\" alt=\"\" class=\"wp-image-583\"\/><\/figure>\n\n\n\n<div style=\"height:100px\" aria-hidden=\"true\" class=\"wp-block-spacer\"><\/div>\n\n\n\n<figure class=\"wp-block-image aligncenter size-large\"><img loading=\"lazy\" decoding=\"async\" width=\"683\" height=\"1024\" src=\"https:\/\/bioetika.ffrz.hr\/wp-content\/uploads\/2024\/04\/0W4A1184-683x1024.jpg\" alt=\"\" class=\"wp-image-584\"\/><\/figure>\n\n\n\n<div style=\"height:100px\" aria-hidden=\"true\" class=\"wp-block-spacer\"><\/div>\n\n\n\n<figure class=\"wp-block-image aligncenter size-large\"><img loading=\"lazy\" decoding=\"async\" width=\"683\" height=\"1024\" src=\"https:\/\/bioetika.ffrz.hr\/wp-content\/uploads\/2024\/04\/0W4A1186-683x1024.jpg\" alt=\"\" class=\"wp-image-585\"\/><\/figure>\n\n\n\n<div style=\"height:100px\" aria-hidden=\"true\" class=\"wp-block-spacer\"><\/div>\n\n\n\n<figure class=\"wp-block-image size-large\"><img loading=\"lazy\" decoding=\"async\" width=\"1024\" height=\"683\" src=\"https:\/\/bioetika.ffrz.hr\/wp-content\/uploads\/2024\/04\/0W4A1189-1024x683.jpg\" alt=\"\" class=\"wp-image-586\" srcset=\"https:\/\/bioetika.ffrz.hr\/wp-content\/uploads\/2024\/04\/0W4A1189-980x653.jpg 980w, https:\/\/bioetika.ffrz.hr\/wp-content\/uploads\/2024\/04\/0W4A1189-480x320.jpg 480w\" sizes=\"auto, (min-width: 0px) and (max-width: 480px) 480px, (min-width: 481px) and (max-width: 980px) 980px, (min-width: 981px) 1024px, 100vw\" \/><\/figure>\n\n\n\n<div style=\"height:100px\" aria-hidden=\"true\" class=\"wp-block-spacer\"><\/div>\n\n\n\n<figure class=\"wp-block-image aligncenter size-large\"><img loading=\"lazy\" decoding=\"async\" width=\"1024\" height=\"683\" src=\"https:\/\/bioetika.ffrz.hr\/wp-content\/uploads\/2024\/04\/0W4A1190-1024x683.jpg\" alt=\"\" class=\"wp-image-587\" srcset=\"https:\/\/bioetika.ffrz.hr\/wp-content\/uploads\/2024\/04\/0W4A1190-980x653.jpg 980w, https:\/\/bioetika.ffrz.hr\/wp-content\/uploads\/2024\/04\/0W4A1190-480x320.jpg 480w\" sizes=\"auto, (min-width: 0px) and (max-width: 480px) 480px, (min-width: 481px) and (max-width: 980px) 980px, (min-width: 981px) 1024px, 100vw\" \/><\/figure>\n\n\n\n<div style=\"height:100px\" aria-hidden=\"true\" class=\"wp-block-spacer\"><\/div>\n\n\n\n<figure class=\"wp-block-image aligncenter size-large\"><img loading=\"lazy\" decoding=\"async\" width=\"683\" height=\"1024\" src=\"https:\/\/bioetika.ffrz.hr\/wp-content\/uploads\/2024\/04\/0W4A1192-683x1024.jpg\" alt=\"\" class=\"wp-image-588\"\/><\/figure>\n\n\n\n<div style=\"height:100px\" aria-hidden=\"true\" class=\"wp-block-spacer\"><\/div>\n\n\n\n<figure class=\"wp-block-image aligncenter size-large\"><img loading=\"lazy\" decoding=\"async\" width=\"683\" height=\"1024\" src=\"https:\/\/bioetika.ffrz.hr\/wp-content\/uploads\/2024\/04\/0W4A1196-683x1024.jpg\" alt=\"\" class=\"wp-image-589\"\/><\/figure>\n\n\n\n<div style=\"height:100px\" aria-hidden=\"true\" class=\"wp-block-spacer\"><\/div>\n\n\n\n<figure class=\"wp-block-image aligncenter size-large\"><img loading=\"lazy\" decoding=\"async\" width=\"683\" height=\"1024\" src=\"https:\/\/bioetika.ffrz.hr\/wp-content\/uploads\/2024\/04\/0W4A1203-683x1024.jpg\" alt=\"\" class=\"wp-image-590\"\/><\/figure>\n","protected":false},"excerpt":{"rendered":"<p>22. travnja 2024. odr\u017eana je sve\u010dana dodjela nagrada u sklopu inicijative \u201eRazmi\u0161ljaj \u2013 o\u010duvaj \u2013 recikliraj\u201c Centra za bioetiku FFRZ-a. Doga\u0111aj je odr\u017ean u dvorani Antun Bauer Fakulteta filozofije i religijskih znanosti Sveu\u010dili\u0161ta u Zagrebu, simboli\u010dno \u2013 na Dan planeta Zemlje. U sklopu inicijative dodijeljene su po tri nagrade u dva natje\u010daja. U okviru prvog [&hellip;]<\/p>\n","protected":false},"author":1,"featured_media":581,"comment_status":"open","ping_status":"open","sticky":false,"template":"","format":"standard","meta":{"_et_pb_use_builder":"off","_et_pb_old_content":"","_et_gb_content_width":"","footnotes":""},"categories":[4],"tags":[],"class_list":["post-580","post","type-post","status-publish","format-standard","has-post-thumbnail","hentry","category-novosti-i-obavijesti"],"_links":{"self":[{"href":"https:\/\/bioetika.ffrz.hr\/index.php?rest_route=\/wp\/v2\/posts\/580","targetHints":{"allow":["GET"]}}],"collection":[{"href":"https:\/\/bioetika.ffrz.hr\/index.php?rest_route=\/wp\/v2\/posts"}],"about":[{"href":"https:\/\/bioetika.ffrz.hr\/index.php?rest_route=\/wp\/v2\/types\/post"}],"author":[{"embeddable":true,"href":"https:\/\/bioetika.ffrz.hr\/index.php?rest_route=\/wp\/v2\/users\/1"}],"replies":[{"embeddable":true,"href":"https:\/\/bioetika.ffrz.hr\/index.php?rest_route=%2Fwp%2Fv2%2Fcomments&post=580"}],"version-history":[{"count":5,"href":"https:\/\/bioetika.ffrz.hr\/index.php?rest_route=\/wp\/v2\/posts\/580\/revisions"}],"predecessor-version":[{"id":597,"href":"https:\/\/bioetika.ffrz.hr\/index.php?rest_route=\/wp\/v2\/posts\/580\/revisions\/597"}],"wp:featuredmedia":[{"embeddable":true,"href":"https:\/\/bioetika.ffrz.hr\/index.php?rest_route=\/wp\/v2\/media\/581"}],"wp:attachment":[{"href":"https:\/\/bioetika.ffrz.hr\/index.php?rest_route=%2Fwp%2Fv2%2Fmedia&parent=580"}],"wp:term":[{"taxonomy":"category","embeddable":true,"href":"https:\/\/bioetika.ffrz.hr\/index.php?rest_route=%2Fwp%2Fv2%2Fcategories&post=580"},{"taxonomy":"post_tag","embeddable":true,"href":"https:\/\/bioetika.ffrz.hr\/index.php?rest_route=%2Fwp%2Fv2%2Ftags&post=580"}],"curies":[{"name":"wp","href":"https:\/\/api.w.org\/{rel}","templated":true}]}}