{"id":599,"date":"2025-10-13T05:56:03","date_gmt":"2025-10-13T05:56:03","guid":{"rendered":"https:\/\/bioetika.ffrz.hr\/?p=599"},"modified":"2025-10-13T05:57:06","modified_gmt":"2025-10-13T05:57:06","slug":"poziv-za-slanje-sazetaka-9-medunarodni-transdisciplinarni-simpozij-bioetika-i-aporije-psihe-06-i-07-studeni-2025","status":"publish","type":"post","link":"https:\/\/bioetika.ffrz.hr\/?p=599","title":{"rendered":"Poziv za slanje sa\u017eetaka \u2013 9. Me\u0111unarodni transdisciplinarni simpozij Bioetika i aporije psihe \u2013 06. i 07. studeni 2025."},"content":{"rendered":"\n<p>Po\u0161tovani kolege, cijenjeni suradnici i suradnice,<\/p>\n\n\n\n<p>obznanjujemo da \u0107e se 9. Me\u0111unarodni transdisciplinarni simpozij Bioetika i aporije psihe odr\u017eati 06. i 07. studenog 2025., na vi\u0161e zagreba\u010dkih lokacija.<\/p>\n\n\n\n<p>Pozivamo vas da svojim sa\u017eecima pridonesete uspje\u0161noj realizaciji simpozija, te da ispunjene obrasce po\u0161aljete zaklju\u010dno do 25. listopada, koriste\u0107i dolaznu e-mail adresu: <a href=\"mailto:bioetika@psiha.hr\">bioetika@psiha.hr<\/a><\/p>\n\n\n\n<p>Vi\u0161e informacija o skupu dostupno je u dokumentu u privitku, tako\u0111er i na mre\u017enim stranicama <a href=\"https:\/\/bioetika.ffrz.hr\/\" target=\"_blank\" rel=\"noreferrer noopener\">Centra za bioetiku FFRZ-a<\/a> , te <a href=\"https:\/\/hufp.hr\/\" target=\"_blank\" rel=\"noreferrer noopener\">Hrvatskog udru\u017eenja za filozofsku praksu<\/a>.<\/p>\n\n\n\n<p><\/p>\n\n\n\n<p><\/p>\n\n\n\n<p>Doc. dr. sc. Luka Jane\u0161<\/p>\n\n\n\n<p>Predsjednik organizacijskog odbora<\/p>\n\n\n\n<p>9. Me\u0111unarodnog simpozija<\/p>\n\n\n\n<p>Bioetika i aporije psihe<\/p>\n\n\n\n<hr class=\"wp-block-separator has-alpha-channel-opacity\"\/>\n\n\n\n<p class=\"has-text-align-center\"><a href=\"https:\/\/www.ffrz.unizg.hr\/wp-content\/uploads\/2025\/10\/Poziv-za-slanje-sazetaka-9.-BiAPs-2025.pdf\" target=\"_blank\" rel=\"noreferrer noopener\">Poziv za slanje sa\u017eetaka<\/a><\/p>\n\n\n\n<p class=\"has-text-align-center\"><a href=\"https:\/\/www.ffrz.unizg.hr\/wp-content\/uploads\/2025\/10\/9.-BiAPs-6.-7.-studeni-2025.-Obrazac-za-prijavu.docx\">Obrazac za prijavu<\/a><\/p>\n","protected":false},"excerpt":{"rendered":"<p>Po\u0161tovani kolege, cijenjeni suradnici i suradnice, obznanjujemo da \u0107e se 9. Me\u0111unarodni transdisciplinarni simpozij Bioetika i aporije psihe odr\u017eati 06. i 07. studenog 2025., na vi\u0161e zagreba\u010dkih lokacija. Pozivamo vas da svojim sa\u017eecima pridonesete uspje\u0161noj realizaciji simpozija, te da ispunjene obrasce po\u0161aljete zaklju\u010dno do 25. listopada, koriste\u0107i dolaznu e-mail adresu: bioetika@psiha.hr Vi\u0161e informacija o skupu [&hellip;]<\/p>\n","protected":false},"author":1,"featured_media":558,"comment_status":"open","ping_status":"open","sticky":false,"template":"","format":"standard","meta":{"_et_pb_use_builder":"off","_et_pb_old_content":"","_et_gb_content_width":"","footnotes":""},"categories":[4],"tags":[],"class_list":["post-599","post","type-post","status-publish","format-standard","has-post-thumbnail","hentry","category-novosti-i-obavijesti"],"_links":{"self":[{"href":"https:\/\/bioetika.ffrz.hr\/index.php?rest_route=\/wp\/v2\/posts\/599","targetHints":{"allow":["GET"]}}],"collection":[{"href":"https:\/\/bioetika.ffrz.hr\/index.php?rest_route=\/wp\/v2\/posts"}],"about":[{"href":"https:\/\/bioetika.ffrz.hr\/index.php?rest_route=\/wp\/v2\/types\/post"}],"author":[{"embeddable":true,"href":"https:\/\/bioetika.ffrz.hr\/index.php?rest_route=\/wp\/v2\/users\/1"}],"replies":[{"embeddable":true,"href":"https:\/\/bioetika.ffrz.hr\/index.php?rest_route=%2Fwp%2Fv2%2Fcomments&post=599"}],"version-history":[{"count":3,"href":"https:\/\/bioetika.ffrz.hr\/index.php?rest_route=\/wp\/v2\/posts\/599\/revisions"}],"predecessor-version":[{"id":602,"href":"https:\/\/bioetika.ffrz.hr\/index.php?rest_route=\/wp\/v2\/posts\/599\/revisions\/602"}],"wp:featuredmedia":[{"embeddable":true,"href":"https:\/\/bioetika.ffrz.hr\/index.php?rest_route=\/wp\/v2\/media\/558"}],"wp:attachment":[{"href":"https:\/\/bioetika.ffrz.hr\/index.php?rest_route=%2Fwp%2Fv2%2Fmedia&parent=599"}],"wp:term":[{"taxonomy":"category","embeddable":true,"href":"https:\/\/bioetika.ffrz.hr\/index.php?rest_route=%2Fwp%2Fv2%2Fcategories&post=599"},{"taxonomy":"post_tag","embeddable":true,"href":"https:\/\/bioetika.ffrz.hr\/index.php?rest_route=%2Fwp%2Fv2%2Ftags&post=599"}],"curies":[{"name":"wp","href":"https:\/\/api.w.org\/{rel}","templated":true}]}}